{"id":1998,"date":"2020-04-18T10:21:23","date_gmt":"2020-04-18T10:21:23","guid":{"rendered":"https:\/\/wellnessaspara.com\/?p=1998"},"modified":"2020-10-06T12:16:28","modified_gmt":"2020-10-06T12:16:28","slug":"carbo-dry-co2-bath","status":"publish","type":"post","link":"https:\/\/wellnessaspara.com\/it\/2020\/04\/18\/carbo-dry-co2-bath\/","title":{"rendered":"Carbo bagno di CO2 a secco"},"content":{"rendered":"<div data-elementor-type=\"wp-post\" data-elementor-id=\"1998\" class=\"elementor elementor-1998\">\n\t\t\t\t\t\t<div class=\"elementor-inner\">\n\t\t\t\t<div class=\"elementor-section-wrap\">\n\t\t\t\t\t\t\t\t\t<section class=\"elementor-section elementor-top-section elementor-element elementor-element-a1a59dd elementor-section-boxed elementor-section-height-default elementor-section-height-default\" data-id=\"a1a59dd\" data-element_type=\"section\">\n\t\t\t\t\t\t<div class=\"elementor-container elementor-column-gap-default\">\n\t\t\t\t\t\t\t<div class=\"elementor-row\">\n\t\t\t\t\t<div class=\"elementor-column elementor-col-100 elementor-top-column elementor-element elementor-element-91bf245\" data-id=\"91bf245\" data-element_type=\"column\">\n\t\t\t<div class=\"elementor-column-wrap elementor-element-populated\">\n\t\t\t\t\t\t\t<div class=\"elementor-widget-wrap\">\n\t\t\t\t\t\t<section class=\"elementor-section elementor-inner-section elementor-element elementor-element-dc3346b elementor-section-boxed elementor-section-height-default elementor-section-height-default\" data-id=\"dc3346b\" data-element_type=\"section\">\n\t\t\t\t\t\t<div class=\"elementor-container elementor-column-gap-default\">\n\t\t\t\t\t\t\t<div class=\"elementor-row\">\n\t\t\t\t\t<div class=\"elementor-column elementor-col-50 elementor-inner-column elementor-element elementor-element-ac36120\" data-id=\"ac36120\" data-element_type=\"column\">\n\t\t\t<div class=\"elementor-column-wrap elementor-element-populated\">\n\t\t\t\t\t\t\t<div class=\"elementor-widget-wrap\">\n\t\t\t\t\t\t<div class=\"elementor-element elementor-element-68091c4 elementor-widget elementor-widget-text-editor\" data-id=\"68091c4\" data-element_type=\"widget\" data-widget_type=\"text-editor.default\">\n\t\t\t\t<div class=\"elementor-widget-container\">\n\t\t\t\t\t\t\t\t<div class=\"elementor-text-editor elementor-clearfix\">\n\t\t\t\t<h4>\u00a0<\/h4><h4>\u00a0<\/h4><h4>\u00a0<\/h4><h4><br \/>La cellulite \u00e8 un fastidio che quasi tutte le donne affrontano. Appare all'inizio del ciclo vitale, ma nel tempo nella maggior parte dei casi si diffonde ancora di pi\u00f9 e diventa ancora pi\u00f9 visibile.<\/h4>\t\t\t\t\t<\/div>\n\t\t\t\t\t\t<\/div>\n\t\t\t\t<\/div>\n\t\t\t\t\t\t<\/div>\n\t\t\t\t\t<\/div>\n\t\t<\/div>\n\t\t\t\t<div class=\"elementor-column elementor-col-50 elementor-inner-column elementor-element elementor-element-298c908\" data-id=\"298c908\" data-element_type=\"column\">\n\t\t\t<div class=\"elementor-column-wrap elementor-element-populated\">\n\t\t\t\t\t\t\t<div class=\"elementor-widget-wrap\">\n\t\t\t\t\t\t<div class=\"elementor-element elementor-element-85f4cbc elementor-widget elementor-widget-heading\" data-id=\"85f4cbc\" data-element_type=\"widget\" data-widget_type=\"heading.default\">\n\t\t\t\t<div class=\"elementor-widget-container\">\n\t\t\t<h2 class=\"elementor-heading-title elementor-size-default\">Lo sapevi?<\/h2>\t\t<\/div>\n\t\t\t\t<\/div>\n\t\t\t\t<div class=\"elementor-element elementor-element-26f5ca5 elementor-widget elementor-widget-text-editor\" data-id=\"26f5ca5\" data-element_type=\"widget\" data-widget_type=\"text-editor.default\">\n\t\t\t\t<div class=\"elementor-widget-container\">\n\t\t\t\t\t\t\t\t<div class=\"elementor-text-editor elementor-clearfix\">\n\t\t\t\t<p>La comparsa della cellulite sul corpo ha poco a che fare con lo stile di vita di un individuo (abbiamo anche in mente l'esercizio fisico e la dieta), anche se le donne spesso notano che l'incidenza della cellulite \u00e8 pi\u00f9 alta quando aumentano di peso.<\/p><p>Anche le caratteristiche genetiche di un individuo sono da biasimare per la formazione della cellulite. Oltre alla comparsa della cellulite, le donne notano che hanno anche problemi di riduzione dei centimetri in pi\u00f9 proprio nelle zone delle cosce, del basso addome, sopra i fianchi e sul petto.<\/p>\t\t\t\t\t<\/div>\n\t\t\t\t\t\t<\/div>\n\t\t\t\t<\/div>\n\t\t\t\t\t\t<\/div>\n\t\t\t\t\t<\/div>\n\t\t<\/div>\n\t\t\t\t\t\t\t\t<\/div>\n\t\t\t\t\t<\/div>\n\t\t<\/section>\n\t\t\t\t<section class=\"elementor-section elementor-inner-section elementor-element elementor-element-dfb5b3d elementor-section-boxed elementor-section-height-default elementor-section-height-default\" data-id=\"dfb5b3d\" data-element_type=\"section\">\n\t\t\t\t\t\t<div class=\"elementor-container elementor-column-gap-default\">\n\t\t\t\t\t\t\t<div class=\"elementor-row\">\n\t\t\t\t\t<div class=\"elementor-column elementor-col-50 elementor-inner-column elementor-element elementor-element-8f48be9\" data-id=\"8f48be9\" data-element_type=\"column\">\n\t\t\t<div class=\"elementor-column-wrap elementor-element-populated\">\n\t\t\t\t\t\t\t<div class=\"elementor-widget-wrap\">\n\t\t\t\t\t\t<div class=\"elementor-element elementor-element-7d65723 elementor-widget elementor-widget-image\" data-id=\"7d65723\" data-element_type=\"widget\" data-widget_type=\"image.default\">\n\t\t\t\t<div class=\"elementor-widget-container\">\n\t\t\t\t\t\t\t\t<div class=\"elementor-image\">\n\t\t\t\t\t\t\t\t\t\t\t\t<img decoding=\"async\" width=\"620\" height=\"759\" src=\"https:\/\/wellnessaspara.com\/wp-content\/uploads\/2020\/04\/prejpotem-carbo-aspara.jpg\" class=\"attachment-large size-large wp-image-2002\" alt=\"before after carbo aspara\" loading=\"lazy\" srcset=\"https:\/\/wellnessaspara.com\/wp-content\/uploads\/2020\/04\/prejpotem-carbo-aspara.jpg 620w, https:\/\/wellnessaspara.com\/wp-content\/uploads\/2020\/04\/prejpotem-carbo-aspara-245x300.jpg 245w\" sizes=\"(max-width: 620px) 100vw, 620px\" \/>\t\t\t\t\t\t\t\t\t\t\t\t\t\t<\/div>\n\t\t\t\t\t\t<\/div>\n\t\t\t\t<\/div>\n\t\t\t\t\t\t<\/div>\n\t\t\t\t\t<\/div>\n\t\t<\/div>\n\t\t\t\t<div class=\"elementor-column elementor-col-50 elementor-inner-column elementor-element elementor-element-a76606b\" data-id=\"a76606b\" data-element_type=\"column\">\n\t\t\t<div class=\"elementor-column-wrap elementor-element-populated\">\n\t\t\t\t\t\t\t<div class=\"elementor-widget-wrap\">\n\t\t\t\t\t\t<div class=\"elementor-element elementor-element-b27c345 elementor-widget elementor-widget-heading\" data-id=\"b27c345\" data-element_type=\"widget\" data-widget_type=\"heading.default\">\n\t\t\t\t<div class=\"elementor-widget-container\">\n\t\t\t<h2 class=\"elementor-heading-title elementor-size-default\">Trattamento carbo<\/h2>\t\t<\/div>\n\t\t\t\t<\/div>\n\t\t\t\t<div class=\"elementor-element elementor-element-a8e6f33 elementor-widget elementor-widget-text-editor\" data-id=\"a8e6f33\" data-element_type=\"widget\" data-widget_type=\"text-editor.default\">\n\t\t\t\t<div class=\"elementor-widget-container\">\n\t\t\t\t\t\t\t\t<div class=\"elementor-text-editor elementor-clearfix\">\n\t\t\t\t<div><span style=\"font-size: 10pt; line-height: 115%; font-family: Verdana,sans-serif;\">\n\u00e8 l'unica procedura anticellulite che pu\u00f2 essere eseguita anche su aree del corpo interessate da vene varicose e capillari. <\/span> <span style = \"font-size: 10pt; line-height: 115%; font-family: Verdana, sans-serif;\"> L'importanza sta nel fatto che la coincidenza di cellulite e capillari dilatati o. predisposizione alla loro comparsa \u00e8 presente in 70% di donne di tutte le et\u00e0. Per un gruppo cos\u00ec ampio di donne, il trattamento Carbo \u00e8 l'unico trattamento anticellulite adatto.<\/span><\/div>\t\t\t\t\t<\/div>\n\t\t\t\t\t\t<\/div>\n\t\t\t\t<\/div>\n\t\t\t\t<div class=\"elementor-element elementor-element-fd40ada elementor-widget elementor-widget-heading\" data-id=\"fd40ada\" data-element_type=\"widget\" data-widget_type=\"heading.default\">\n\t\t\t\t<div class=\"elementor-widget-container\">\n\t\t\t<h2 class=\"elementor-heading-title elementor-size-default\"><b><span style=\"font-size: large;\">\nBAGNO A SECCO DI CO2<\/span><\/b><\/h2>\t\t<\/div>\n\t\t\t\t<\/div>\n\t\t\t\t<div class=\"elementor-element elementor-element-67631e5 elementor-widget elementor-widget-text-editor\" data-id=\"67631e5\" data-element_type=\"widget\" data-widget_type=\"text-editor.default\">\n\t\t\t\t<div class=\"elementor-widget-container\">\n\t\t\t\t\t\t\t\t<div class=\"elementor-text-editor elementor-clearfix\">\n\t\t\t\t<ul>\n <li>\n<div style = \"margin: 0cm 0cm 0pt;\"> <strong> <span style = \"font-size: 10pt; line-height: 115%; font-family: Verdana, sans-serif;\"> <span style = \"font-size: 10pt; font-family: Verdana, sans-serif;\"> <span style = \"font-size: 10pt; font-family: Verdana, sans-serif;\"> promuove la circolazione del sangue nel tessuto e lo rifornisce di ossigeno <\/span><\/span><\/span><\/\u25cf<\/div> <\/li>\n <li>\n<div style = \"margin: 0cm 0cm 0pt;\"> <strong> <span style = \"font-size: 10pt; line-height: 115%; font-family: Verdana, sans-serif;\"> <span style = \"font-size: 10pt; font-family: Verdana, sans-serif;\"> <span style = \"font-size: 10pt; font-family: Verdana, sans-serif;\"> rilasciare il liquido stagnante nei tessuti <\/span> <\/span> <\/span> <\/strong> <\/div> <\/li>\n <li>\n<div style = \"margin: 0cm 0cm 0pt;\"> <strong> <span style = \"font-size: 10pt; line-height: 115%; font-family: Verdana, sans-serif;\"> <span style = \"font-size: 10pt; font-family: Verdana, sans-serif;\"> <span style = \"font-size: 10pt; font-family: Verdana, sans-serif;\"> regola il Ph nel sangue e nei tessuti <\/span> <\/span> <\/span> <\/strong> <\/div> <\/li>\n <li>\n<div style = \"margin: 0cm 0cm 0pt;\"> <strong> <span style = \"font-size: 10pt; line-height: 115%; font-family: Verdana, sans-serif;\"> <span style = \"font-size: 10pt; font-family: Verdana, sans-serif;\"> <span style = \"font-size: 10pt; font-family: Verdana, sans-serif;\"> disintossica e ha un effetto positivo sui vasi sanguigni. <\/span> <\/span> <\/span> <\/strong> <\/div> <\/li>\n<\/ul>\t\t\t\t\t<\/div>\n\t\t\t\t\t\t<\/div>\n\t\t\t\t<\/div>\n\t\t\t\t\t\t<\/div>\n\t\t\t\t\t<\/div>\n\t\t<\/div>\n\t\t\t\t\t\t\t\t<\/div>\n\t\t\t\t\t<\/div>\n\t\t<\/section>\n\t\t\t\t\t\t<\/div>\n\t\t\t\t\t<\/div>\n\t\t<\/div>\n\t\t\t\t\t\t\t\t<\/div>\n\t\t\t\t\t<\/div>\n\t\t<\/section>\n\t\t\t\t<section class=\"elementor-section elementor-top-section elementor-element elementor-element-fb20186 elementor-section-boxed elementor-section-height-default elementor-section-height-default\" data-id=\"fb20186\" data-element_type=\"section\">\n\t\t\t\t\t\t<div class=\"elementor-container elementor-column-gap-default\">\n\t\t\t\t\t\t\t<div class=\"elementor-row\">\n\t\t\t\t\t<div class=\"elementor-column elementor-col-100 elementor-top-column elementor-element elementor-element-1ab8d69\" data-id=\"1ab8d69\" data-element_type=\"column\">\n\t\t\t<div class=\"elementor-column-wrap elementor-element-populated\">\n\t\t\t\t\t\t\t<div class=\"elementor-widget-wrap\">\n\t\t\t\t\t\t<div class=\"elementor-element elementor-element-d6004a0 elementor-widget elementor-widget-text-editor\" data-id=\"d6004a0\" data-element_type=\"widget\" data-widget_type=\"text-editor.default\">\n\t\t\t\t<div class=\"elementor-widget-container\">\n\t\t\t\t\t\t\t\t<div class=\"elementor-text-editor elementor-clearfix\">\n\t\t\t\t<p>Il metodo del bagno di carbonio secco riduce efficacemente ed estesamente i depositi di grasso e la cellulite e rinforza i tessuti connettivi. La procedura \u00e8 sicura e rilassante, innesca processi che altrimenti si verificano durante l'attivit\u00e0 fisica. Un bagno di CO <sub> 2 <\/sub> Il bagno \u00e8 l'unica procedura anticellulite adatta che pu\u00f2 essere eseguita su aree del corpo con capillari e vene dilatate. Lo consigliamo anche a chi ha problemi di mal di piedi.<\/p>\t\t\t\t\t<\/div>\n\t\t\t\t\t\t<\/div>\n\t\t\t\t<\/div>\n\t\t\t\t\t\t<\/div>\n\t\t\t\t\t<\/div>\n\t\t<\/div>\n\t\t\t\t\t\t\t\t<\/div>\n\t\t\t\t\t<\/div>\n\t\t<\/section>\n\t\t\t\t\t\t\t\t\t<\/div>\n\t\t\t<\/div>\n\t\t\t\t\t<\/div>","protected":false},"excerpt":{"rendered":"<p>Celulit je nadloga, s katero se sre\u010duje skoraj vsaka \u017eenska. Pojavi se \u017ee zgodaj v \u017eivljenjskem ciklu, skozi \u010das pa se v najve\u010d primerih \u0161e bolj \u0161iri...<\/p>","protected":false},"author":6,"featured_media":2014,"comment_status":"open","ping_status":"closed","sticky":false,"template":"","format":"standard","meta":[],"categories":[17,4],"tags":[],"_links":{"self":[{"href":"https:\/\/wellnessaspara.com\/it\/wp-json\/wp\/v2\/posts\/1998"}],"collection":[{"href":"https:\/\/wellnessaspara.com\/it\/wp-json\/wp\/v2\/posts"}],"about":[{"href":"https:\/\/wellnessaspara.com\/it\/wp-json\/wp\/v2\/types\/post"}],"author":[{"embeddable":true,"href":"https:\/\/wellnessaspara.com\/it\/wp-json\/wp\/v2\/users\/6"}],"replies":[{"embeddable":true,"href":"https:\/\/wellnessaspara.com\/it\/wp-json\/wp\/v2\/comments?post=1998"}],"version-history":[{"count":17,"href":"https:\/\/wellnessaspara.com\/it\/wp-json\/wp\/v2\/posts\/1998\/revisions"}],"predecessor-version":[{"id":2747,"href":"https:\/\/wellnessaspara.com\/it\/wp-json\/wp\/v2\/posts\/1998\/revisions\/2747"}],"wp:featuredmedia":[{"embeddable":true,"href":"https:\/\/wellnessaspara.com\/it\/wp-json\/wp\/v2\/media\/2014"}],"wp:attachment":[{"href":"https:\/\/wellnessaspara.com\/it\/wp-json\/wp\/v2\/media?parent=1998"}],"wp:term":[{"taxonomy":"category","embeddable":true,"href":"https:\/\/wellnessaspara.com\/it\/wp-json\/wp\/v2\/categories?post=1998"},{"taxonomy":"post_tag","embeddable":true,"href":"https:\/\/wellnessaspara.com\/it\/wp-json\/wp\/v2\/tags?post=1998"}],"curies":[{"name":"wp","href":"https:\/\/api.w.org\/{rel}","templated":true}]}}